{"id":31489,"date":"2024-11-13T11:49:43","date_gmt":"2024-11-13T16:49:43","guid":{"rendered":"https:\/\/intosaijournal.org\/lassemblee-generale-constitutive-de-jurisai-sest-deroulee-a-paris\/"},"modified":"2024-11-13T11:58:55","modified_gmt":"2024-11-13T16:58:55","slug":"lassemblee-generale-constitutive-de-jurisai-sest-deroulee-a-paris","status":"publish","type":"post","link":"https:\/\/intosaijournal.org\/fr\/lassemblee-generale-constitutive-de-jurisai-sest-deroulee-a-paris\/","title":{"rendered":"L\u2019Assembl\u00e9e G\u00e9n\u00e9rale constitutive de Jurisai s\u2019est d\u00e9roul\u00e9e \u00e0 Paris"},"content":{"rendered":"\n<p><strong>Une \u00e9tape d\u00e9cisive est franchie pour affirmer, promouvoir et renforcer le mod\u00e8le des ISC Juridictionnelles.<\/strong><\/p>\n\n<p>Le 8 octobre 2024, la Cour des comptes de France a eu l\u2019honneur d\u2019accueillir, \u00e0 Paris, la premi\u00e8re Assembl\u00e9e G\u00e9n\u00e9rale constitutive de JURISAI, l\u2019organisation internationale qui a succ\u00e9d\u00e9 au Forum des ISC juridictionnelles, cr\u00e9\u00e9 en 2015, \u00e0 Paris \u00e9galement, pour assurer la promotion du mod\u00e8le juridictionnel et le renforcement des normes et pratiques professionnelles aff\u00e9rentes.<\/p>\n\n<figure class=\"wp-block-image size-large\"><img loading=\"lazy\" decoding=\"async\" width=\"1024\" height=\"535\" src=\"https:\/\/intosaijournal.org\/wp-content\/uploads\/2024\/11\/image-1024x535.png\" alt=\"\" class=\"wp-image-31440\" srcset=\"https:\/\/intosaijournal.org\/wp-content\/uploads\/2024\/11\/image-1024x535.png 1024w, https:\/\/intosaijournal.org\/wp-content\/uploads\/2024\/11\/image-300x157.png 300w, https:\/\/intosaijournal.org\/wp-content\/uploads\/2024\/11\/image-768x401.png 768w, https:\/\/intosaijournal.org\/wp-content\/uploads\/2024\/11\/image-1320x690.png 1320w, https:\/\/intosaijournal.org\/wp-content\/uploads\/2024\/11\/image.png 1386w\" sizes=\"auto, (max-width: 1024px) 100vw, 1024px\" \/><figcaption class=\"wp-element-caption\"><em>L\u2019Assembl\u00e9e G\u00e9n\u00e9rale constitutive de Jurisai s\u2019est tenue dans la Grand\u2019chambre de la Cour des comptes de France, en pr\u00e9sence de repr\u00e9sentants de 27 ISC.<\/em><\/figcaption><\/figure>\n\n<p>Dans son discours d\u2019ouverture, le Premier pr\u00e9sident de la Cour des comptes de France, Pierre Moscovici, a exprim\u00e9 sa fiert\u00e9 devant le chemin parcouru depuis la D\u00e9claration de Paris, acte fondateur du Forum des ISC juridictionnelles en 2015. La cr\u00e9ation de Jurisai, dont la structuration a \u00e9t\u00e9 officialis\u00e9e en juin dernier \u00e0 Casablanca lors de la signature des statuts, prolonge en effet directement l\u2019action de ce Forum. Jurisai s\u2019est donn\u00e9e pour mission de promouvoir et renforcer le mod\u00e8le juridictionnel des ISC, au sein de l\u2019Intosai.  <\/p>\n\n<figure class=\"wp-block-image size-large\"><img loading=\"lazy\" decoding=\"async\" width=\"1024\" height=\"484\" src=\"https:\/\/intosaijournal.org\/wp-content\/uploads\/2024\/11\/image-1-1024x484.png\" alt=\"\" class=\"wp-image-31445\" srcset=\"https:\/\/intosaijournal.org\/wp-content\/uploads\/2024\/11\/image-1-1024x484.png 1024w, https:\/\/intosaijournal.org\/wp-content\/uploads\/2024\/11\/image-1-300x142.png 300w, https:\/\/intosaijournal.org\/wp-content\/uploads\/2024\/11\/image-1-768x363.png 768w, https:\/\/intosaijournal.org\/wp-content\/uploads\/2024\/11\/image-1-1320x624.png 1320w, https:\/\/intosaijournal.org\/wp-content\/uploads\/2024\/11\/image-1.png 1386w\" sizes=\"auto, (max-width: 1024px) 100vw, 1024px\" \/><\/figure>\n\n<p><em>De gauche \u00e0 droite au premier rang : Zineb El Adaoui, Premi\u00e8re pr\u00e9sidente de la Cour des comptes du Royaume du Maroc, Pierre Moscovici, Premier pr\u00e9sident de la Cour des comptes de France, Margit Kraker, Secr\u00e9taire g\u00e9n\u00e9rale de l\u2019Intosai et pr\u00e9sidente de l\u2019ISC autrichienne, et Ant\u00f3nio Francisco Martins, Vice-pr\u00e9sident du Tribunal de contas du Portugal.<\/em><\/p>\n\n<p>Pierre Moscovici a rappel\u00e9 que lors de l\u2019INCOSAI de 2019, la premi\u00e8re norme de l\u2019Intosai enti\u00e8rement d\u00e9di\u00e9e \u00e0 l\u2019activit\u00e9 juridictionnelle, <a href=\"https:\/\/www.intosai.org\/fileadmin\/downloads\/documents\/open_access\/INT_P_11_to_P_99\/INTOSAI_P_50\/INTOSAI_P_50_en.pdf\">l\u2019INTOSAI P-50<\/a> a \u00e9t\u00e9 adopt\u00e9. C\u2019est d\u00e9sormais, a-t-il pr\u00e9cis\u00e9, la norme de r\u00e9f\u00e9rence qui \u00e9nonce les douze principes qui doivent guider l\u2019action des institutions sup\u00e9rieures de contr\u00f4le ISC dot\u00e9es d\u2019attributions juridictionnelles dans l\u2019exercice de leurs fonctions. <\/p>\n\n<figure class=\"wp-block-image size-large\"><img loading=\"lazy\" decoding=\"async\" width=\"1024\" height=\"567\" src=\"https:\/\/intosaijournal.org\/wp-content\/uploads\/2024\/11\/image-3-1024x567.png\" alt=\"\" class=\"wp-image-31455\" srcset=\"https:\/\/intosaijournal.org\/wp-content\/uploads\/2024\/11\/image-3-1024x567.png 1024w, https:\/\/intosaijournal.org\/wp-content\/uploads\/2024\/11\/image-3-300x166.png 300w, https:\/\/intosaijournal.org\/wp-content\/uploads\/2024\/11\/image-3-768x425.png 768w, https:\/\/intosaijournal.org\/wp-content\/uploads\/2024\/11\/image-3-1320x731.png 1320w, https:\/\/intosaijournal.org\/wp-content\/uploads\/2024\/11\/image-3.png 1387w\" sizes=\"auto, (max-width: 1024px) 100vw, 1024px\" \/><figcaption class=\"wp-element-caption\"><em>Bruno Dantas, Pr\u00e9sident du Tribunal de Contas da Uni\u00e3o, Pr\u00e9sident de l\u2019Intosai<\/em><\/figcaption><\/figure>\n\n<p>Bruno Dantas, pr\u00e9sident du TCU et pr\u00e9sident en exercice de l&#8217;Intosai, a remerci\u00e9 la Cour des comptes de France et l\u2019ISC \u00e9quatorienne pour leur r\u00f4le d\u00e9cisif au sein du Forum des ISC juridictionnelles, dont les accomplissements ont pos\u00e9 des fondations solides pour le futur. Bruno Dantas a ensuite d\u00e9clar\u00e9 que les cheffes et chefs d\u2019ISC dot\u00e9es de comp\u00e9tences juridictionnelles r\u00e9unies en ce jour pour cette Assembl\u00e9e g\u00e9n\u00e9rale \u00e9taient rassembl\u00e9es par une m\u00eame volont\u00e9 d\u2019innover, de coop\u00e9rer et d\u2019offrir la plus grande valeur ajout\u00e9e possible au b\u00e9n\u00e9fice de leur organisation. Puis il a soulign\u00e9 que Jurisai, ouverte \u00e0 toutes les ISC dot\u00e9es de comp\u00e9tences juridictionnelles, \u00e9tait d\u00e9sormais pr\u00eate \u00e0 devenir, lors du prochain congr\u00e8s de l\u2019Incosai, un membre associ\u00e9 de l&#8217;Intosai.  <\/p>\n\n<p>Enfin, Bruno Dantas a tenu \u00e0 saluer la pr\u00e9sence de Margit Kraker, Secr\u00e9taire g\u00e9n\u00e9rale de l\u2019Intosai, et \u00e0 la remercier pour l\u2019\u00e9coute attentive, la bienveillance et le soutien dont elle a toujours fait preuve \u00e0 l\u2019\u00e9gard des ISC juridictionnelles et durant tout le processus qui a conduit \u00e0 la cr\u00e9ation de Jurisai.<\/p>\n\n<figure class=\"wp-block-image size-large\"><img loading=\"lazy\" decoding=\"async\" width=\"1024\" height=\"679\" src=\"https:\/\/intosaijournal.org\/wp-content\/uploads\/2024\/11\/image-4-1024x679.png\" alt=\"\" class=\"wp-image-31460\" srcset=\"https:\/\/intosaijournal.org\/wp-content\/uploads\/2024\/11\/image-4-1024x679.png 1024w, https:\/\/intosaijournal.org\/wp-content\/uploads\/2024\/11\/image-4-300x199.png 300w, https:\/\/intosaijournal.org\/wp-content\/uploads\/2024\/11\/image-4-768x509.png 768w, https:\/\/intosaijournal.org\/wp-content\/uploads\/2024\/11\/image-4-193x128.png 193w, https:\/\/intosaijournal.org\/wp-content\/uploads\/2024\/11\/image-4-310x206.png 310w, https:\/\/intosaijournal.org\/wp-content\/uploads\/2024\/11\/image-4-467x310.png 467w, https:\/\/intosaijournal.org\/wp-content\/uploads\/2024\/11\/image-4-426x282.png 426w, https:\/\/intosaijournal.org\/wp-content\/uploads\/2024\/11\/image-4.png 1077w\" sizes=\"auto, (max-width: 1024px) 100vw, 1024px\" \/><figcaption class=\"wp-element-caption\"><em>Margit Kraker, Secr\u00e9taire g\u00e9n\u00e9rale de l\u2019Intosai<\/em><\/figcaption><\/figure>\n\n<p>Margit Kraker s\u2019est ensuite exprim\u00e9e en tant qu\u2019invit\u00e9e d\u2019honneur de l\u2019Assembl\u00e9e G\u00e9n\u00e9rale, pour souligner l\u2019importance de Jurisai en tant qu\u2019initiative pour faciliter et d\u00e9velopper l\u2019\u00e9change d\u2019exp\u00e9riences, de connaissances et de bonnes pratiques. Elle a salu\u00e9 l\u2019action d\u00e9cisive de Bruno Dantas dans la cr\u00e9ation de Jurisai et soulign\u00e9 les caract\u00e9ristiques particuli\u00e8res des ISC juridictionnelles, tant du point de vue de leurs relations avec leur Parlement que de celui des comp\u00e9tences propres qu\u2019elles exercent. Elle a enfin rappel\u00e9 le r\u00f4le crucial des ISC juridictionnelles dans le syst\u00e8me de redevabilit\u00e9 des gestionnaires publics et s\u2019est dit impatiente de travailler \u00e9troitement avec Jurisai.  <\/p>\n\n<p>Cette premi\u00e8re Assembl\u00e9e g\u00e9n\u00e9rale a ensuite proc\u00e9d\u00e9 \u00e0 l\u2019\u00e9lection des membres du comit\u00e9 directeur, avec les d\u00e9signations suivantes :<\/p>\n\n<p>Pr\u00e9sident : Cour des Comptes de France<\/p>\n\n<p>Premier vice-pr\u00e9sident : Tribunal de contas du Portugal<\/p>\n\n<p>Second Vice-pr\u00e9sident : Tribunal de Contas da Uni\u00e3o du Br\u00e9sil<\/p>\n\n<p>Secr\u00e9taire g\u00e9n\u00e9ral : Cour des comptes du Royaume du Maroc.<\/p>\n\n<p>En outre, ont \u00e9t\u00e9 \u00e9lus au comit\u00e9 directeur, les ISC de l\u2019Angola, de l\u2019Espagne, de Djibouti et de la Mauritanie.<\/p>\n\n<p>S\u2019agissant des commissions permanentes, le Br\u00e9sil pr\u00e9sidera la commission des finances, de l&#8217;administration et de la communication, l\u2019Italie sera en charge de la commission du minist\u00e8re public, et le S\u00e9n\u00e9gal de celle charg\u00e9e du renforcement des capacit\u00e9s.<\/p>\n\n<figure class=\"wp-block-image size-large\"><img loading=\"lazy\" decoding=\"async\" width=\"1024\" height=\"694\" src=\"https:\/\/intosaijournal.org\/wp-content\/uploads\/2024\/11\/image-5-1024x694.png\" alt=\"\" class=\"wp-image-31465\" srcset=\"https:\/\/intosaijournal.org\/wp-content\/uploads\/2024\/11\/image-5-1024x694.png 1024w, https:\/\/intosaijournal.org\/wp-content\/uploads\/2024\/11\/image-5-300x203.png 300w, https:\/\/intosaijournal.org\/wp-content\/uploads\/2024\/11\/image-5-768x520.png 768w, https:\/\/intosaijournal.org\/wp-content\/uploads\/2024\/11\/image-5-1320x894.png 1320w, https:\/\/intosaijournal.org\/wp-content\/uploads\/2024\/11\/image-5.png 1385w\" sizes=\"auto, (max-width: 1024px) 100vw, 1024px\" \/><figcaption class=\"wp-element-caption\"><em>\u00c9lection des instances de Jurisai<\/em><\/figcaption><\/figure>\n\n<p>L\u2019Assembl\u00e9e s\u2019est conclue par la pr\u00e9sentation par Bruno Dantas du plan strat\u00e9gique. Adopt\u00e9 \u00e0 main lev\u00e9e par les membres pr\u00e9sents, ce plan vise \u00e0 consolider le r\u00f4le de Jurisai et repose sur trois objectifs : <\/p>\n\n<ul class=\"wp-block-list\">\n<li>faciliter le partage de connaissances et la coop\u00e9ration entre ISC pour renforcer l&#8217;efficacit\u00e9 de leurs fonctions juridictionnelles ;<\/li>\n\n\n\n<li>renforcer les capacit\u00e9s des ISC membres, en particulier en mati\u00e8re de formation et de d\u00e9veloppement institutionnel ;<\/li>\n\n\n\n<li>promouvoir les avantages du mod\u00e8le juridictionnel au sein de la communaut\u00e9 internationale de l\u2019Intosai.<\/li>\n<\/ul>\n\n<p>Les discussions ont \u00e9galement port\u00e9 sur l\u2019int\u00e9gration \u00e0 part enti\u00e8re de Jurisai \u00e0 l\u2019Intosai comme membre associ\u00e9, ce qui constituerait un pas de plus vers la reconnaissance internationale du mod\u00e8le juridictionnel des ISC. L\u2019objectif \u00e9tant de faire aboutir cette d\u00e9marche lors du prochain Congr\u00e8s Incosai, en 2025. <\/p>\n\n<p>Dans l\u2019apr\u00e8s-midi du 8 octobre, se sont ensuite tenus quatre ateliers sur les th\u00e8mes du minist\u00e8re public ; de l\u2019administration, des finances et de la communication ; du renforcement de capacit\u00e9 ; ainsi qu\u2019une commission th\u00e9matique pour identifier des sujets d&#8217;int\u00e9r\u00eat ne figurant pas dans les commissions permanentes. L\u2019ensemble des \u00e9changes ont permis de d\u00e9finir les orientations et les strat\u00e9gies des diff\u00e9rents commissions et de discuter des prochaines \u00e9tapes de Jurisai, notamment en vue de la prochaine r\u00e9union du comit\u00e9 directeur de Jurisai en 2025. <\/p>\n\n<hr class=\"wp-block-separator has-alpha-channel-opacity\"\/>\n\n<h2 class=\"wp-block-heading\"><strong>Le colloque Jurisai : \u00ab Auditeur et juge : des institutions sup\u00e9rieures de contr\u00f4le qui prennent des d\u00e9cisions \u00bb<\/strong><\/h2>\n\n<p>En pr\u00e9alable \u00e0 l\u2019Assembl\u00e9e g\u00e9n\u00e9rale de Jurisai, la <em>Cour des comptes<\/em> a organis\u00e9, avec le soutien de Fondafip, le colloque international de Jurisai qui s\u2019est tenu le lundi 7 octobre 2024.<\/p>\n\n<p>Le colloque, ouvert par le<em> Premier pr\u00e9sident<\/em>, Pierre Moscovici, Bruno Dantas, pr\u00e9sident en exercice de l\u2019Intosai et pr\u00e9sident du Tribunal de Contas da Uni\u00e3o du Br\u00e9sil, et Michel Bouvier, pr\u00e9sident de Fondafip, le groupe de r\u00e9flexion sur les finances publiques, a port\u00e9 sur la th\u00e9matique suivante : \u00ab Auditeur et juge : des institutions sup\u00e9rieures de contr\u00f4le qui prennent des d\u00e9cisions \u00bb.<\/p>\n\n<figure class=\"wp-block-image size-full is-resized\"><img loading=\"lazy\" decoding=\"async\" width=\"517\" height=\"345\" src=\"https:\/\/intosaijournal.org\/wp-content\/uploads\/2024\/11\/image-6.png\" alt=\"\" class=\"wp-image-31470\" style=\"width:1028px;height:auto\" srcset=\"https:\/\/intosaijournal.org\/wp-content\/uploads\/2024\/11\/image-6.png 517w, https:\/\/intosaijournal.org\/wp-content\/uploads\/2024\/11\/image-6-300x200.png 300w, https:\/\/intosaijournal.org\/wp-content\/uploads\/2024\/11\/image-6-193x128.png 193w, https:\/\/intosaijournal.org\/wp-content\/uploads\/2024\/11\/image-6-310x206.png 310w\" sizes=\"auto, (max-width: 517px) 100vw, 517px\" \/><\/figure>\n\n<p>Il a rassembl\u00e9 pr\u00e8s de 300 participants, de 34 ISC et de nombreux expertes et experts autour de deux tables rondes pour discuter des conditions de la compl\u00e9mentarit\u00e9 harmonieuse entre la fonction d\u2019auditeur et de juge ainsi que des enjeux et d\u00e9fis des d\u00e9cisions juridictionnelles.<\/p>\n\n<p>\u00c9lisabeth Guigou, ancienne Ministre et membre du Conseil sup\u00e9rieur de la magistrature, est intervenue comme grand t\u00e9moin de ce colloque conclu par la Premi\u00e8re pr\u00e9sidente de la <em>Cour des comptes<\/em> du Royaume du Maroc, Zineb El Adaoui.<\/p>\n\n<hr class=\"wp-block-separator has-alpha-channel-opacity\"\/>\n\n<p>En savoir plus sur le mod\u00e8le de l&#8217;ISC juridictionnelle :<\/p>\n\n<ul class=\"wp-block-list\">\n<li><a href=\"https:\/\/intosaijournal.org\/fr\/issue\/q2-2024\/\">Lisez le num\u00e9ro sp\u00e9cial du Journal de l&#8217;INTOSAI sur les ISC juridictionnelles.<\/a><\/li>\n\n\n\n<li><a href=\"https:\/\/www.ccomptes.fr\/system\/files\/2023-06\/Plaidoyer%20ISC%20juridictionnelles%20FR%20_autorit%C3%A9s%20politiques%20VDef.pdf\">D\u00e9couvrez les 7 avantages cl\u00e9s des fonctions juridictionnelles des ISC.<\/a> <\/li>\n<\/ul>\n","protected":false},"excerpt":{"rendered":"<p>Une \u00e9tape d\u00e9cisive est franchie pour affirmer, promouvoir et renforcer le mod\u00e8le des ISC Juridictionnelles&#8230;.<\/p>\n","protected":false},"author":159,"featured_media":31352,"comment_status":"closed","ping_status":"closed","sticky":false,"template":"","format":"standard","meta":{"_acf_changed":false,"footnotes":""},"categories":[2878],"country":[2897,3162,3610,3887],"region":[],"news-type":[2888],"coauthors":[3529],"class_list":["post-31489","post","type-post","status-publish","format-standard","has-post-thumbnail","hentry","category-inside-intosai-fr","country-brazil-5-fr","country-france-fr","country-morocco-fr","country-portugal-fr","news-type-inside-intosai-fr"],"acf":[],"yoast_head":"<!-- This site is optimized with the Yoast SEO plugin v27.1.1 - https:\/\/yoast.com\/product\/yoast-seo-wordpress\/ -->\n<title>L\u2019Assembl\u00e9e G\u00e9n\u00e9rale constitutive de Jurisai s\u2019est d\u00e9roul\u00e9e \u00e0 Paris - INTOSAI Journal<\/title>\n<meta name=\"robots\" content=\"index, follow, max-snippet:-1, max-image-preview:large, max-video-preview:-1\" \/>\n<link rel=\"canonical\" href=\"https:\/\/intosaijournal.org\/fr\/lassemblee-generale-constitutive-de-jurisai-sest-deroulee-a-paris\/\" \/>\n<meta property=\"og:locale\" content=\"fr_FR\" \/>\n<meta property=\"og:type\" content=\"article\" \/>\n<meta property=\"og:title\" content=\"L\u2019Assembl\u00e9e G\u00e9n\u00e9rale constitutive de Jurisai s\u2019est d\u00e9roul\u00e9e \u00e0 Paris - INTOSAI Journal\" \/>\n<meta property=\"og:description\" content=\"Une \u00e9tape d\u00e9cisive est franchie pour affirmer, promouvoir et renforcer le mod\u00e8le des ISC Juridictionnelles....\" \/>\n<meta property=\"og:url\" content=\"https:\/\/intosaijournal.org\/fr\/lassemblee-generale-constitutive-de-jurisai-sest-deroulee-a-paris\/\" \/>\n<meta property=\"og:site_name\" content=\"INTOSAI Journal\" \/>\n<meta property=\"article:published_time\" content=\"2024-11-13T16:49:43+00:00\" \/>\n<meta property=\"article:modified_time\" content=\"2024-11-13T16:58:55+00:00\" \/>\n<meta property=\"og:image\" content=\"https:\/\/intosaijournal.org\/wp-content\/uploads\/2024\/10\/JURISAI-News.png\" \/>\n\t<meta property=\"og:image:width\" content=\"652\" \/>\n\t<meta property=\"og:image:height\" content=\"365\" \/>\n\t<meta property=\"og:image:type\" content=\"image\/png\" \/>\n<meta name=\"author\" content=\"Denis Gettliffe\" \/>\n<meta name=\"twitter:card\" content=\"summary_large_image\" \/>\n<meta name=\"twitter:creator\" content=\"@intosaijournal\" \/>\n<meta name=\"twitter:site\" content=\"@intosaijournal\" \/>\n<meta name=\"twitter:label1\" content=\"Written by\" \/>\n\t<meta name=\"twitter:data1\" content=\"Denis Gettliffe\" \/>\n\t<meta name=\"twitter:label2\" content=\"Est. reading time\" \/>\n\t<meta name=\"twitter:data2\" content=\"6 minutes\" \/>\n<script type=\"application\/ld+json\" class=\"yoast-schema-graph\">{\"@context\":\"https:\/\/schema.org\",\"@graph\":[{\"@type\":\"Article\",\"@id\":\"https:\/\/intosaijournal.org\/fr\/lassemblee-generale-constitutive-de-jurisai-sest-deroulee-a-paris\/#article\",\"isPartOf\":{\"@id\":\"https:\/\/intosaijournal.org\/fr\/lassemblee-generale-constitutive-de-jurisai-sest-deroulee-a-paris\/\"},\"author\":{\"name\":\"Denis Gettliffe\",\"@id\":\"https:\/\/intosaijournal.org\/#\/schema\/person\/ea7b06f80e9e9b366cc62ef83fa5e7fa\"},\"headline\":\"L\u2019Assembl\u00e9e G\u00e9n\u00e9rale constitutive de Jurisai s\u2019est d\u00e9roul\u00e9e \u00e0 Paris\",\"datePublished\":\"2024-11-13T16:49:43+00:00\",\"dateModified\":\"2024-11-13T16:58:55+00:00\",\"mainEntityOfPage\":{\"@id\":\"https:\/\/intosaijournal.org\/fr\/lassemblee-generale-constitutive-de-jurisai-sest-deroulee-a-paris\/\"},\"wordCount\":1325,\"publisher\":{\"@id\":\"https:\/\/intosaijournal.org\/#organization\"},\"image\":{\"@id\":\"https:\/\/intosaijournal.org\/fr\/lassemblee-generale-constitutive-de-jurisai-sest-deroulee-a-paris\/#primaryimage\"},\"thumbnailUrl\":\"https:\/\/intosaijournal.org\/wp-content\/uploads\/2024\/10\/JURISAI-News.png\",\"articleSection\":[\"Inside INTOSAI\"],\"inLanguage\":\"fr-FR\"},{\"@type\":\"WebPage\",\"@id\":\"https:\/\/intosaijournal.org\/fr\/lassemblee-generale-constitutive-de-jurisai-sest-deroulee-a-paris\/\",\"url\":\"https:\/\/intosaijournal.org\/fr\/lassemblee-generale-constitutive-de-jurisai-sest-deroulee-a-paris\/\",\"name\":\"L\u2019Assembl\u00e9e G\u00e9n\u00e9rale constitutive de Jurisai s\u2019est d\u00e9roul\u00e9e \u00e0 Paris - INTOSAI Journal\",\"isPartOf\":{\"@id\":\"https:\/\/intosaijournal.org\/#website\"},\"primaryImageOfPage\":{\"@id\":\"https:\/\/intosaijournal.org\/fr\/lassemblee-generale-constitutive-de-jurisai-sest-deroulee-a-paris\/#primaryimage\"},\"image\":{\"@id\":\"https:\/\/intosaijournal.org\/fr\/lassemblee-generale-constitutive-de-jurisai-sest-deroulee-a-paris\/#primaryimage\"},\"thumbnailUrl\":\"https:\/\/intosaijournal.org\/wp-content\/uploads\/2024\/10\/JURISAI-News.png\",\"datePublished\":\"2024-11-13T16:49:43+00:00\",\"dateModified\":\"2024-11-13T16:58:55+00:00\",\"breadcrumb\":{\"@id\":\"https:\/\/intosaijournal.org\/fr\/lassemblee-generale-constitutive-de-jurisai-sest-deroulee-a-paris\/#breadcrumb\"},\"inLanguage\":\"fr-FR\",\"potentialAction\":[{\"@type\":\"ReadAction\",\"target\":[\"https:\/\/intosaijournal.org\/fr\/lassemblee-generale-constitutive-de-jurisai-sest-deroulee-a-paris\/\"]}]},{\"@type\":\"ImageObject\",\"inLanguage\":\"fr-FR\",\"@id\":\"https:\/\/intosaijournal.org\/fr\/lassemblee-generale-constitutive-de-jurisai-sest-deroulee-a-paris\/#primaryimage\",\"url\":\"https:\/\/intosaijournal.org\/wp-content\/uploads\/2024\/10\/JURISAI-News.png\",\"contentUrl\":\"https:\/\/intosaijournal.org\/wp-content\/uploads\/2024\/10\/JURISAI-News.png\",\"width\":652,\"height\":365},{\"@type\":\"BreadcrumbList\",\"@id\":\"https:\/\/intosaijournal.org\/fr\/lassemblee-generale-constitutive-de-jurisai-sest-deroulee-a-paris\/#breadcrumb\",\"itemListElement\":[{\"@type\":\"ListItem\",\"position\":1,\"name\":\"Home\",\"item\":\"https:\/\/intosaijournal.org\/fr\/\"},{\"@type\":\"ListItem\",\"position\":2,\"name\":\"L\u2019Assembl\u00e9e G\u00e9n\u00e9rale constitutive de Jurisai s\u2019est d\u00e9roul\u00e9e \u00e0 Paris\"}]},{\"@type\":\"WebSite\",\"@id\":\"https:\/\/intosaijournal.org\/#website\",\"url\":\"https:\/\/intosaijournal.org\/\",\"name\":\"INTOSAI Journal\",\"description\":\"\",\"publisher\":{\"@id\":\"https:\/\/intosaijournal.org\/#organization\"},\"potentialAction\":[{\"@type\":\"SearchAction\",\"target\":{\"@type\":\"EntryPoint\",\"urlTemplate\":\"https:\/\/intosaijournal.org\/?s={search_term_string}\"},\"query-input\":{\"@type\":\"PropertyValueSpecification\",\"valueRequired\":true,\"valueName\":\"search_term_string\"}}],\"inLanguage\":\"fr-FR\"},{\"@type\":\"Organization\",\"@id\":\"https:\/\/intosaijournal.org\/#organization\",\"name\":\"INTOSAI Journal\",\"url\":\"https:\/\/intosaijournal.org\/\",\"logo\":{\"@type\":\"ImageObject\",\"inLanguage\":\"fr-FR\",\"@id\":\"https:\/\/intosaijournal.org\/#\/schema\/logo\/image\/\",\"url\":\"https:\/\/intosai.nclud.com\/wp-content\/uploads\/2023\/04\/logo.png\",\"contentUrl\":\"https:\/\/intosai.nclud.com\/wp-content\/uploads\/2023\/04\/logo.png\",\"width\":736,\"height\":122,\"caption\":\"INTOSAI Journal\"},\"image\":{\"@id\":\"https:\/\/intosaijournal.org\/#\/schema\/logo\/image\/\"},\"sameAs\":[\"https:\/\/x.com\/intosaijournal\"]},{\"@type\":\"Person\",\"@id\":\"https:\/\/intosaijournal.org\/#\/schema\/person\/ea7b06f80e9e9b366cc62ef83fa5e7fa\",\"name\":\"Denis Gettliffe\",\"image\":{\"@type\":\"ImageObject\",\"inLanguage\":\"fr-FR\",\"@id\":\"https:\/\/intosaijournal.org\/#\/schema\/person\/image\/0fd5c4c14bce64fee79f44652b4af3b7\",\"url\":\"https:\/\/secure.gravatar.com\/avatar\/1f7da7719c8e66b5bc712e65af0c36e088dd414172de78f391f2a6f589bf9d3c?s=96&d=mm&r=g\",\"contentUrl\":\"https:\/\/secure.gravatar.com\/avatar\/1f7da7719c8e66b5bc712e65af0c36e088dd414172de78f391f2a6f589bf9d3c?s=96&d=mm&r=g\",\"caption\":\"Denis Gettliffe\"},\"url\":\"https:\/\/intosaijournal.org\/fr\/author\/denis-gettliffe\/\"}]}<\/script>\n<!-- \/ Yoast SEO plugin. -->","yoast_head_json":{"title":"L\u2019Assembl\u00e9e G\u00e9n\u00e9rale constitutive de Jurisai s\u2019est d\u00e9roul\u00e9e \u00e0 Paris - INTOSAI Journal","robots":{"index":"index","follow":"follow","max-snippet":"max-snippet:-1","max-image-preview":"max-image-preview:large","max-video-preview":"max-video-preview:-1"},"canonical":"https:\/\/intosaijournal.org\/fr\/lassemblee-generale-constitutive-de-jurisai-sest-deroulee-a-paris\/","og_locale":"fr_FR","og_type":"article","og_title":"L\u2019Assembl\u00e9e G\u00e9n\u00e9rale constitutive de Jurisai s\u2019est d\u00e9roul\u00e9e \u00e0 Paris - INTOSAI Journal","og_description":"Une \u00e9tape d\u00e9cisive est franchie pour affirmer, promouvoir et renforcer le mod\u00e8le des ISC Juridictionnelles....","og_url":"https:\/\/intosaijournal.org\/fr\/lassemblee-generale-constitutive-de-jurisai-sest-deroulee-a-paris\/","og_site_name":"INTOSAI Journal","article_published_time":"2024-11-13T16:49:43+00:00","article_modified_time":"2024-11-13T16:58:55+00:00","og_image":[{"width":652,"height":365,"url":"https:\/\/intosaijournal.org\/wp-content\/uploads\/2024\/10\/JURISAI-News.png","type":"image\/png"}],"author":"Denis Gettliffe","twitter_card":"summary_large_image","twitter_creator":"@intosaijournal","twitter_site":"@intosaijournal","twitter_misc":{"Written by":"Denis Gettliffe","Est. reading time":"6 minutes"},"schema":{"@context":"https:\/\/schema.org","@graph":[{"@type":"Article","@id":"https:\/\/intosaijournal.org\/fr\/lassemblee-generale-constitutive-de-jurisai-sest-deroulee-a-paris\/#article","isPartOf":{"@id":"https:\/\/intosaijournal.org\/fr\/lassemblee-generale-constitutive-de-jurisai-sest-deroulee-a-paris\/"},"author":{"name":"Denis Gettliffe","@id":"https:\/\/intosaijournal.org\/#\/schema\/person\/ea7b06f80e9e9b366cc62ef83fa5e7fa"},"headline":"L\u2019Assembl\u00e9e G\u00e9n\u00e9rale constitutive de Jurisai s\u2019est d\u00e9roul\u00e9e \u00e0 Paris","datePublished":"2024-11-13T16:49:43+00:00","dateModified":"2024-11-13T16:58:55+00:00","mainEntityOfPage":{"@id":"https:\/\/intosaijournal.org\/fr\/lassemblee-generale-constitutive-de-jurisai-sest-deroulee-a-paris\/"},"wordCount":1325,"publisher":{"@id":"https:\/\/intosaijournal.org\/#organization"},"image":{"@id":"https:\/\/intosaijournal.org\/fr\/lassemblee-generale-constitutive-de-jurisai-sest-deroulee-a-paris\/#primaryimage"},"thumbnailUrl":"https:\/\/intosaijournal.org\/wp-content\/uploads\/2024\/10\/JURISAI-News.png","articleSection":["Inside INTOSAI"],"inLanguage":"fr-FR"},{"@type":"WebPage","@id":"https:\/\/intosaijournal.org\/fr\/lassemblee-generale-constitutive-de-jurisai-sest-deroulee-a-paris\/","url":"https:\/\/intosaijournal.org\/fr\/lassemblee-generale-constitutive-de-jurisai-sest-deroulee-a-paris\/","name":"L\u2019Assembl\u00e9e G\u00e9n\u00e9rale constitutive de Jurisai s\u2019est d\u00e9roul\u00e9e \u00e0 Paris - INTOSAI Journal","isPartOf":{"@id":"https:\/\/intosaijournal.org\/#website"},"primaryImageOfPage":{"@id":"https:\/\/intosaijournal.org\/fr\/lassemblee-generale-constitutive-de-jurisai-sest-deroulee-a-paris\/#primaryimage"},"image":{"@id":"https:\/\/intosaijournal.org\/fr\/lassemblee-generale-constitutive-de-jurisai-sest-deroulee-a-paris\/#primaryimage"},"thumbnailUrl":"https:\/\/intosaijournal.org\/wp-content\/uploads\/2024\/10\/JURISAI-News.png","datePublished":"2024-11-13T16:49:43+00:00","dateModified":"2024-11-13T16:58:55+00:00","breadcrumb":{"@id":"https:\/\/intosaijournal.org\/fr\/lassemblee-generale-constitutive-de-jurisai-sest-deroulee-a-paris\/#breadcrumb"},"inLanguage":"fr-FR","potentialAction":[{"@type":"ReadAction","target":["https:\/\/intosaijournal.org\/fr\/lassemblee-generale-constitutive-de-jurisai-sest-deroulee-a-paris\/"]}]},{"@type":"ImageObject","inLanguage":"fr-FR","@id":"https:\/\/intosaijournal.org\/fr\/lassemblee-generale-constitutive-de-jurisai-sest-deroulee-a-paris\/#primaryimage","url":"https:\/\/intosaijournal.org\/wp-content\/uploads\/2024\/10\/JURISAI-News.png","contentUrl":"https:\/\/intosaijournal.org\/wp-content\/uploads\/2024\/10\/JURISAI-News.png","width":652,"height":365},{"@type":"BreadcrumbList","@id":"https:\/\/intosaijournal.org\/fr\/lassemblee-generale-constitutive-de-jurisai-sest-deroulee-a-paris\/#breadcrumb","itemListElement":[{"@type":"ListItem","position":1,"name":"Home","item":"https:\/\/intosaijournal.org\/fr\/"},{"@type":"ListItem","position":2,"name":"L\u2019Assembl\u00e9e G\u00e9n\u00e9rale constitutive de Jurisai s\u2019est d\u00e9roul\u00e9e \u00e0 Paris"}]},{"@type":"WebSite","@id":"https:\/\/intosaijournal.org\/#website","url":"https:\/\/intosaijournal.org\/","name":"INTOSAI Journal","description":"","publisher":{"@id":"https:\/\/intosaijournal.org\/#organization"},"potentialAction":[{"@type":"SearchAction","target":{"@type":"EntryPoint","urlTemplate":"https:\/\/intosaijournal.org\/?s={search_term_string}"},"query-input":{"@type":"PropertyValueSpecification","valueRequired":true,"valueName":"search_term_string"}}],"inLanguage":"fr-FR"},{"@type":"Organization","@id":"https:\/\/intosaijournal.org\/#organization","name":"INTOSAI Journal","url":"https:\/\/intosaijournal.org\/","logo":{"@type":"ImageObject","inLanguage":"fr-FR","@id":"https:\/\/intosaijournal.org\/#\/schema\/logo\/image\/","url":"https:\/\/intosai.nclud.com\/wp-content\/uploads\/2023\/04\/logo.png","contentUrl":"https:\/\/intosai.nclud.com\/wp-content\/uploads\/2023\/04\/logo.png","width":736,"height":122,"caption":"INTOSAI Journal"},"image":{"@id":"https:\/\/intosaijournal.org\/#\/schema\/logo\/image\/"},"sameAs":["https:\/\/x.com\/intosaijournal"]},{"@type":"Person","@id":"https:\/\/intosaijournal.org\/#\/schema\/person\/ea7b06f80e9e9b366cc62ef83fa5e7fa","name":"Denis Gettliffe","image":{"@type":"ImageObject","inLanguage":"fr-FR","@id":"https:\/\/intosaijournal.org\/#\/schema\/person\/image\/0fd5c4c14bce64fee79f44652b4af3b7","url":"https:\/\/secure.gravatar.com\/avatar\/1f7da7719c8e66b5bc712e65af0c36e088dd414172de78f391f2a6f589bf9d3c?s=96&d=mm&r=g","contentUrl":"https:\/\/secure.gravatar.com\/avatar\/1f7da7719c8e66b5bc712e65af0c36e088dd414172de78f391f2a6f589bf9d3c?s=96&d=mm&r=g","caption":"Denis Gettliffe"},"url":"https:\/\/intosaijournal.org\/fr\/author\/denis-gettliffe\/"}]}},"_links":{"self":[{"href":"https:\/\/intosaijournal.org\/fr\/wp-json\/wp\/v2\/posts\/31489","targetHints":{"allow":["GET"]}}],"collection":[{"href":"https:\/\/intosaijournal.org\/fr\/wp-json\/wp\/v2\/posts"}],"about":[{"href":"https:\/\/intosaijournal.org\/fr\/wp-json\/wp\/v2\/types\/post"}],"author":[{"embeddable":true,"href":"https:\/\/intosaijournal.org\/fr\/wp-json\/wp\/v2\/users\/159"}],"replies":[{"embeddable":true,"href":"https:\/\/intosaijournal.org\/fr\/wp-json\/wp\/v2\/comments?post=31489"}],"version-history":[{"count":6,"href":"https:\/\/intosaijournal.org\/fr\/wp-json\/wp\/v2\/posts\/31489\/revisions"}],"predecessor-version":[{"id":31500,"href":"https:\/\/intosaijournal.org\/fr\/wp-json\/wp\/v2\/posts\/31489\/revisions\/31500"}],"wp:featuredmedia":[{"embeddable":true,"href":"https:\/\/intosaijournal.org\/fr\/wp-json\/wp\/v2\/media\/31352"}],"wp:attachment":[{"href":"https:\/\/intosaijournal.org\/fr\/wp-json\/wp\/v2\/media?parent=31489"}],"wp:term":[{"taxonomy":"category","embeddable":true,"href":"https:\/\/intosaijournal.org\/fr\/wp-json\/wp\/v2\/categories?post=31489"},{"taxonomy":"country","embeddable":true,"href":"https:\/\/intosaijournal.org\/fr\/wp-json\/wp\/v2\/country?post=31489"},{"taxonomy":"region","embeddable":true,"href":"https:\/\/intosaijournal.org\/fr\/wp-json\/wp\/v2\/region?post=31489"},{"taxonomy":"news-type","embeddable":true,"href":"https:\/\/intosaijournal.org\/fr\/wp-json\/wp\/v2\/news-type?post=31489"},{"taxonomy":"author","embeddable":true,"href":"https:\/\/intosaijournal.org\/fr\/wp-json\/wp\/v2\/coauthors?post=31489"}],"curies":[{"name":"wp","href":"https:\/\/api.w.org\/{rel}","templated":true}]}}