{"id":20690,"date":"2023-08-21T08:00:00","date_gmt":"2023-08-21T12:00:00","guid":{"rendered":"https:\/\/intosaijournal.org\/?p=20690"},"modified":"2023-08-18T18:51:30","modified_gmt":"2023-08-18T22:51:30","slug":"intosai-survey-to-map-sais-capacity-on-climate-change","status":"publish","type":"post","link":"https:\/\/intosaijournal.org\/es\/intosai-survey-to-map-sais-capacity-on-climate-change\/","title":{"rendered":"Encuesta de la INTOSAI para mapear la capacidad de las EFS en materia de cambio clim\u00e1tico"},"content":{"rendered":"\n<p>El 9 de agosto, el Tribunal de Cuentas Federal de Brasil (TCU) envi\u00f3 el formulario de la Encuesta Global ClimateScanner a las 196 Entidades Fiscalizadoras Superiores (EFS) que integran la Organizaci\u00f3n Internacional de Entidades Fiscalizadoras Superiores (INTOSAI). El cuestionario en l\u00ednea permitir\u00e1 a las EFS trazar un mapa de su experiencia y capacidad en materia de cambio clim\u00e1tico.<\/p>\n\n\n\n<p>La encuesta tiene como objetivo indicar las oportunidades de formaci\u00f3n para el ClimateScanner a principios del pr\u00f3ximo a\u00f1o e identificar cualquier riesgo para la ejecuci\u00f3n del proyecto. En 2024, se invitar\u00e1 a todas las EFS a aplicar la metodolog\u00eda en sus respectivos pa\u00edses.<\/p>\n\n\n\n<p>&#8220;Nuestro objetivo es identificar la experiencia y la capacidad de las EFS para supervisar las iniciativas gubernamentales en materia de cambio clim\u00e1tico. Los resultados de la encuesta ser\u00e1n \u00fatiles para planificar el ciclo de creaci\u00f3n de capacidades a principios de 2024&#8221;, dijo el presidente del TCU y presidente de la INTOSAI, el ministro Bruno Dantas, en su mensaje a las EFS.<\/p>\n\n\n\n<p>La encuesta contiene nueve preguntas que abordan temas como la existencia de auditor\u00edas sobre el cambio clim\u00e1tico, la inclusi\u00f3n del tema en los planes de auditor\u00eda de las EFS, los retos a los que se enfrentan al auditar los esfuerzos para mitigar la crisis clim\u00e1tica y las \u00e1reas en las que las EFS buscan formaci\u00f3n para mejorar las actividades de auditor\u00eda clim\u00e1tica. El plazo para la presentaci\u00f3n de datos finaliza a principios de septiembre.<\/p>\n\n\n\n<p>ClimateScanner proporcionar\u00e1 a las EFS la oportunidad de analizar las acciones gubernamentales relacionadas con el cambio clim\u00e1tico y consolidar los resultados en una visi\u00f3n global exhaustiva. La evaluaci\u00f3n se estructura en torno a tres ejes: gobernanza, financiaci\u00f3n y pol\u00edticas p\u00fablicas.<\/p>\n\n\n\n<p>Como responsable de la Organizaci\u00f3n Internacional de Entidades Fiscalizadoras Superiores (INTOSAI), el TCU lidera el desarrollo de la herramienta. El proyecto cuenta con la colaboraci\u00f3n de un Grupo Ejecutivo integrado por 18 EFS, as\u00ed como con el apoyo del Departamento de Asuntos Econ\u00f3micos y Sociales de las Naciones Unidas (DAES), el Programa de las Naciones Unidas para el Desarrollo (PNUD), el Banco Interamericano de Desarrollo (BID) y el Banco Mundial.<\/p>\n\n\n\n<p>Enlace de la encuesta: <a href=\"https:\/\/forms.gle\/Qx5pRoqwQ58q3soV7\">https:\/\/forms.gle\/Qx5pRoqwQ58q3soV7<\/a><\/p>\n\n\n\n<p>Fecha l\u00edmite: 8 de septiembre de 2023<\/p>\n\n\n\n<p>Para m\u00e1s informaci\u00f3n sobre el proyecto ClimateScanner y para acceder a la encuesta en varios idiomas, visite el sitio web: <a href=\"https:\/\/sites.tcu.gov.br\/climatescanner\">https:\/\/sites.tcu.gov.br\/climatescanner<\/a><\/p>\n\n\n\n<p>\u00bfTiene preguntas? Env\u00edelas a: <a href=\"mailto:climatesurvey@tcu.gov.br\">climatesurvey@tcu.gov.br<\/a><\/p>\n","protected":false},"excerpt":{"rendered":"<p>El 9 de agosto, el Tribunal de Cuentas Federal de Brasil (TCU) envi\u00f3 el formulario&#8230;<\/p>\n","protected":false},"author":104,"featured_media":20673,"comment_status":"closed","ping_status":"closed","sticky":false,"template":"","format":"standard","meta":{"_acf_changed":false,"footnotes":""},"categories":[2915],"country":[2899],"region":[2872],"news-type":[2894],"coauthors":[3493],"class_list":["post-20690","post","type-post","status-publish","format-standard","has-post-thumbnail","hentry","category-news-in-brief-es","country-brazil-5-es","region-olacefs-de-es","news-type-inside-intosai-es"],"acf":[],"yoast_head":"<!-- This site is optimized with the Yoast SEO plugin v27.1.1 - https:\/\/yoast.com\/product\/yoast-seo-wordpress\/ -->\n<title>Encuesta de la INTOSAI para mapear la capacidad de las EFS en materia de cambio clim\u00e1tico - INTOSAI Journal<\/title>\n<meta name=\"robots\" content=\"index, follow, max-snippet:-1, max-image-preview:large, max-video-preview:-1\" \/>\n<link rel=\"canonical\" href=\"https:\/\/www.intosaijournal.org\/es\/intosai-survey-to-map-sais-capacity-on-climate-change\/\" \/>\n<meta property=\"og:locale\" content=\"es_ES\" \/>\n<meta property=\"og:type\" content=\"article\" \/>\n<meta property=\"og:title\" content=\"Encuesta de la INTOSAI para mapear la capacidad de las EFS en materia de cambio clim\u00e1tico - INTOSAI Journal\" \/>\n<meta property=\"og:description\" content=\"El 9 de agosto, el Tribunal de Cuentas Federal de Brasil (TCU) envi\u00f3 el formulario...\" \/>\n<meta property=\"og:url\" content=\"https:\/\/www.intosaijournal.org\/es\/intosai-survey-to-map-sais-capacity-on-climate-change\/\" \/>\n<meta property=\"og:site_name\" content=\"INTOSAI Journal\" \/>\n<meta property=\"article:published_time\" content=\"2023-08-21T12:00:00+00:00\" \/>\n<meta property=\"og:image\" content=\"https:\/\/www.intosaijournal.org\/wp-content\/uploads\/2023\/08\/MicrosoftTeams-image-7.png\" \/>\n\t<meta property=\"og:image:width\" content=\"500\" \/>\n\t<meta property=\"og:image:height\" content=\"500\" \/>\n\t<meta property=\"og:image:type\" content=\"image\/png\" \/>\n<meta name=\"author\" content=\"Tribunal de Contas da Uni\u00e3o, Brazil\" \/>\n<meta name=\"twitter:card\" content=\"summary_large_image\" \/>\n<meta name=\"twitter:creator\" content=\"@intosaijournal\" \/>\n<meta name=\"twitter:site\" content=\"@intosaijournal\" \/>\n<meta name=\"twitter:label1\" content=\"Written by\" \/>\n\t<meta name=\"twitter:data1\" content=\"Tribunal de Contas da Uni\u00e3o, Brazil\" \/>\n\t<meta name=\"twitter:label2\" content=\"Est. reading time\" \/>\n\t<meta name=\"twitter:data2\" content=\"2 minutes\" \/>\n<script type=\"application\/ld+json\" class=\"yoast-schema-graph\">{\"@context\":\"https:\/\/schema.org\",\"@graph\":[{\"@type\":\"Article\",\"@id\":\"https:\/\/www.intosaijournal.org\/es\/intosai-survey-to-map-sais-capacity-on-climate-change\/#article\",\"isPartOf\":{\"@id\":\"https:\/\/www.intosaijournal.org\/es\/intosai-survey-to-map-sais-capacity-on-climate-change\/\"},\"author\":{\"name\":\"Tribunal de Contas da Uni\u00e3o, Brazil\",\"@id\":\"https:\/\/intosaijournal.org\/#\/schema\/person\/8c66c971adaa75288c248d0ceb559067\"},\"headline\":\"Encuesta de la INTOSAI para mapear la capacidad de las EFS en materia de cambio clim\u00e1tico\",\"datePublished\":\"2023-08-21T12:00:00+00:00\",\"mainEntityOfPage\":{\"@id\":\"https:\/\/www.intosaijournal.org\/es\/intosai-survey-to-map-sais-capacity-on-climate-change\/\"},\"wordCount\":442,\"publisher\":{\"@id\":\"https:\/\/intosaijournal.org\/#organization\"},\"image\":{\"@id\":\"https:\/\/www.intosaijournal.org\/es\/intosai-survey-to-map-sais-capacity-on-climate-change\/#primaryimage\"},\"thumbnailUrl\":\"https:\/\/intosaijournal.org\/wp-content\/uploads\/2023\/08\/MicrosoftTeams-image-7.png\",\"articleSection\":[\"News in Brief\"],\"inLanguage\":\"es-ES\"},{\"@type\":\"WebPage\",\"@id\":\"https:\/\/www.intosaijournal.org\/es\/intosai-survey-to-map-sais-capacity-on-climate-change\/\",\"url\":\"https:\/\/www.intosaijournal.org\/es\/intosai-survey-to-map-sais-capacity-on-climate-change\/\",\"name\":\"Encuesta de la INTOSAI para mapear la capacidad de las EFS en materia de cambio clim\u00e1tico - INTOSAI Journal\",\"isPartOf\":{\"@id\":\"https:\/\/intosaijournal.org\/#website\"},\"primaryImageOfPage\":{\"@id\":\"https:\/\/www.intosaijournal.org\/es\/intosai-survey-to-map-sais-capacity-on-climate-change\/#primaryimage\"},\"image\":{\"@id\":\"https:\/\/www.intosaijournal.org\/es\/intosai-survey-to-map-sais-capacity-on-climate-change\/#primaryimage\"},\"thumbnailUrl\":\"https:\/\/intosaijournal.org\/wp-content\/uploads\/2023\/08\/MicrosoftTeams-image-7.png\",\"datePublished\":\"2023-08-21T12:00:00+00:00\",\"breadcrumb\":{\"@id\":\"https:\/\/www.intosaijournal.org\/es\/intosai-survey-to-map-sais-capacity-on-climate-change\/#breadcrumb\"},\"inLanguage\":\"es-ES\",\"potentialAction\":[{\"@type\":\"ReadAction\",\"target\":[\"https:\/\/www.intosaijournal.org\/es\/intosai-survey-to-map-sais-capacity-on-climate-change\/\"]}]},{\"@type\":\"ImageObject\",\"inLanguage\":\"es-ES\",\"@id\":\"https:\/\/www.intosaijournal.org\/es\/intosai-survey-to-map-sais-capacity-on-climate-change\/#primaryimage\",\"url\":\"https:\/\/intosaijournal.org\/wp-content\/uploads\/2023\/08\/MicrosoftTeams-image-7.png\",\"contentUrl\":\"https:\/\/intosaijournal.org\/wp-content\/uploads\/2023\/08\/MicrosoftTeams-image-7.png\",\"width\":500,\"height\":500},{\"@type\":\"BreadcrumbList\",\"@id\":\"https:\/\/www.intosaijournal.org\/es\/intosai-survey-to-map-sais-capacity-on-climate-change\/#breadcrumb\",\"itemListElement\":[{\"@type\":\"ListItem\",\"position\":1,\"name\":\"Home\",\"item\":\"https:\/\/intosaijournal.org\/es\/\"},{\"@type\":\"ListItem\",\"position\":2,\"name\":\"Encuesta de la INTOSAI para mapear la capacidad de las EFS en materia de cambio clim\u00e1tico\"}]},{\"@type\":\"WebSite\",\"@id\":\"https:\/\/intosaijournal.org\/#website\",\"url\":\"https:\/\/intosaijournal.org\/\",\"name\":\"INTOSAI Journal\",\"description\":\"\",\"publisher\":{\"@id\":\"https:\/\/intosaijournal.org\/#organization\"},\"potentialAction\":[{\"@type\":\"SearchAction\",\"target\":{\"@type\":\"EntryPoint\",\"urlTemplate\":\"https:\/\/intosaijournal.org\/?s={search_term_string}\"},\"query-input\":{\"@type\":\"PropertyValueSpecification\",\"valueRequired\":true,\"valueName\":\"search_term_string\"}}],\"inLanguage\":\"es-ES\"},{\"@type\":\"Organization\",\"@id\":\"https:\/\/intosaijournal.org\/#organization\",\"name\":\"INTOSAI Journal\",\"url\":\"https:\/\/intosaijournal.org\/\",\"logo\":{\"@type\":\"ImageObject\",\"inLanguage\":\"es-ES\",\"@id\":\"https:\/\/intosaijournal.org\/#\/schema\/logo\/image\/\",\"url\":\"https:\/\/intosai.nclud.com\/wp-content\/uploads\/2023\/04\/logo.png\",\"contentUrl\":\"https:\/\/intosai.nclud.com\/wp-content\/uploads\/2023\/04\/logo.png\",\"width\":736,\"height\":122,\"caption\":\"INTOSAI Journal\"},\"image\":{\"@id\":\"https:\/\/intosaijournal.org\/#\/schema\/logo\/image\/\"},\"sameAs\":[\"https:\/\/x.com\/intosaijournal\"]},{\"@type\":\"Person\",\"@id\":\"https:\/\/intosaijournal.org\/#\/schema\/person\/8c66c971adaa75288c248d0ceb559067\",\"name\":\"Tribunal de Contas da Uni\u00e3o, Brazil\",\"image\":{\"@type\":\"ImageObject\",\"inLanguage\":\"es-ES\",\"@id\":\"https:\/\/intosaijournal.org\/#\/schema\/person\/image\/2da7e1e52dcbfa4926149a2c49aa11af\",\"url\":\"https:\/\/secure.gravatar.com\/avatar\/5bfd434bfe0f7d2da4aacf9317b35046779377a51c35a423c4b6e7f16aac56ac?s=96&d=mm&r=g\",\"contentUrl\":\"https:\/\/secure.gravatar.com\/avatar\/5bfd434bfe0f7d2da4aacf9317b35046779377a51c35a423c4b6e7f16aac56ac?s=96&d=mm&r=g\",\"caption\":\"Tribunal de Contas da Uni\u00e3o, Brazil\"},\"url\":\"https:\/\/intosaijournal.org\/es\/author\/tcu-brazil\/\"}]}<\/script>\n<!-- \/ Yoast SEO plugin. -->","yoast_head_json":{"title":"Encuesta de la INTOSAI para mapear la capacidad de las EFS en materia de cambio clim\u00e1tico - INTOSAI Journal","robots":{"index":"index","follow":"follow","max-snippet":"max-snippet:-1","max-image-preview":"max-image-preview:large","max-video-preview":"max-video-preview:-1"},"canonical":"https:\/\/www.intosaijournal.org\/es\/intosai-survey-to-map-sais-capacity-on-climate-change\/","og_locale":"es_ES","og_type":"article","og_title":"Encuesta de la INTOSAI para mapear la capacidad de las EFS en materia de cambio clim\u00e1tico - INTOSAI Journal","og_description":"El 9 de agosto, el Tribunal de Cuentas Federal de Brasil (TCU) envi\u00f3 el formulario...","og_url":"https:\/\/www.intosaijournal.org\/es\/intosai-survey-to-map-sais-capacity-on-climate-change\/","og_site_name":"INTOSAI Journal","article_published_time":"2023-08-21T12:00:00+00:00","og_image":[{"width":500,"height":500,"url":"https:\/\/www.intosaijournal.org\/wp-content\/uploads\/2023\/08\/MicrosoftTeams-image-7.png","type":"image\/png"}],"author":"Tribunal de Contas da Uni\u00e3o, Brazil","twitter_card":"summary_large_image","twitter_creator":"@intosaijournal","twitter_site":"@intosaijournal","twitter_misc":{"Written by":"Tribunal de Contas da Uni\u00e3o, Brazil","Est. reading time":"2 minutes"},"schema":{"@context":"https:\/\/schema.org","@graph":[{"@type":"Article","@id":"https:\/\/www.intosaijournal.org\/es\/intosai-survey-to-map-sais-capacity-on-climate-change\/#article","isPartOf":{"@id":"https:\/\/www.intosaijournal.org\/es\/intosai-survey-to-map-sais-capacity-on-climate-change\/"},"author":{"name":"Tribunal de Contas da Uni\u00e3o, Brazil","@id":"https:\/\/intosaijournal.org\/#\/schema\/person\/8c66c971adaa75288c248d0ceb559067"},"headline":"Encuesta de la INTOSAI para mapear la capacidad de las EFS en materia de cambio clim\u00e1tico","datePublished":"2023-08-21T12:00:00+00:00","mainEntityOfPage":{"@id":"https:\/\/www.intosaijournal.org\/es\/intosai-survey-to-map-sais-capacity-on-climate-change\/"},"wordCount":442,"publisher":{"@id":"https:\/\/intosaijournal.org\/#organization"},"image":{"@id":"https:\/\/www.intosaijournal.org\/es\/intosai-survey-to-map-sais-capacity-on-climate-change\/#primaryimage"},"thumbnailUrl":"https:\/\/intosaijournal.org\/wp-content\/uploads\/2023\/08\/MicrosoftTeams-image-7.png","articleSection":["News in Brief"],"inLanguage":"es-ES"},{"@type":"WebPage","@id":"https:\/\/www.intosaijournal.org\/es\/intosai-survey-to-map-sais-capacity-on-climate-change\/","url":"https:\/\/www.intosaijournal.org\/es\/intosai-survey-to-map-sais-capacity-on-climate-change\/","name":"Encuesta de la INTOSAI para mapear la capacidad de las EFS en materia de cambio clim\u00e1tico - INTOSAI Journal","isPartOf":{"@id":"https:\/\/intosaijournal.org\/#website"},"primaryImageOfPage":{"@id":"https:\/\/www.intosaijournal.org\/es\/intosai-survey-to-map-sais-capacity-on-climate-change\/#primaryimage"},"image":{"@id":"https:\/\/www.intosaijournal.org\/es\/intosai-survey-to-map-sais-capacity-on-climate-change\/#primaryimage"},"thumbnailUrl":"https:\/\/intosaijournal.org\/wp-content\/uploads\/2023\/08\/MicrosoftTeams-image-7.png","datePublished":"2023-08-21T12:00:00+00:00","breadcrumb":{"@id":"https:\/\/www.intosaijournal.org\/es\/intosai-survey-to-map-sais-capacity-on-climate-change\/#breadcrumb"},"inLanguage":"es-ES","potentialAction":[{"@type":"ReadAction","target":["https:\/\/www.intosaijournal.org\/es\/intosai-survey-to-map-sais-capacity-on-climate-change\/"]}]},{"@type":"ImageObject","inLanguage":"es-ES","@id":"https:\/\/www.intosaijournal.org\/es\/intosai-survey-to-map-sais-capacity-on-climate-change\/#primaryimage","url":"https:\/\/intosaijournal.org\/wp-content\/uploads\/2023\/08\/MicrosoftTeams-image-7.png","contentUrl":"https:\/\/intosaijournal.org\/wp-content\/uploads\/2023\/08\/MicrosoftTeams-image-7.png","width":500,"height":500},{"@type":"BreadcrumbList","@id":"https:\/\/www.intosaijournal.org\/es\/intosai-survey-to-map-sais-capacity-on-climate-change\/#breadcrumb","itemListElement":[{"@type":"ListItem","position":1,"name":"Home","item":"https:\/\/intosaijournal.org\/es\/"},{"@type":"ListItem","position":2,"name":"Encuesta de la INTOSAI para mapear la capacidad de las EFS en materia de cambio clim\u00e1tico"}]},{"@type":"WebSite","@id":"https:\/\/intosaijournal.org\/#website","url":"https:\/\/intosaijournal.org\/","name":"INTOSAI Journal","description":"","publisher":{"@id":"https:\/\/intosaijournal.org\/#organization"},"potentialAction":[{"@type":"SearchAction","target":{"@type":"EntryPoint","urlTemplate":"https:\/\/intosaijournal.org\/?s={search_term_string}"},"query-input":{"@type":"PropertyValueSpecification","valueRequired":true,"valueName":"search_term_string"}}],"inLanguage":"es-ES"},{"@type":"Organization","@id":"https:\/\/intosaijournal.org\/#organization","name":"INTOSAI Journal","url":"https:\/\/intosaijournal.org\/","logo":{"@type":"ImageObject","inLanguage":"es-ES","@id":"https:\/\/intosaijournal.org\/#\/schema\/logo\/image\/","url":"https:\/\/intosai.nclud.com\/wp-content\/uploads\/2023\/04\/logo.png","contentUrl":"https:\/\/intosai.nclud.com\/wp-content\/uploads\/2023\/04\/logo.png","width":736,"height":122,"caption":"INTOSAI Journal"},"image":{"@id":"https:\/\/intosaijournal.org\/#\/schema\/logo\/image\/"},"sameAs":["https:\/\/x.com\/intosaijournal"]},{"@type":"Person","@id":"https:\/\/intosaijournal.org\/#\/schema\/person\/8c66c971adaa75288c248d0ceb559067","name":"Tribunal de Contas da Uni\u00e3o, Brazil","image":{"@type":"ImageObject","inLanguage":"es-ES","@id":"https:\/\/intosaijournal.org\/#\/schema\/person\/image\/2da7e1e52dcbfa4926149a2c49aa11af","url":"https:\/\/secure.gravatar.com\/avatar\/5bfd434bfe0f7d2da4aacf9317b35046779377a51c35a423c4b6e7f16aac56ac?s=96&d=mm&r=g","contentUrl":"https:\/\/secure.gravatar.com\/avatar\/5bfd434bfe0f7d2da4aacf9317b35046779377a51c35a423c4b6e7f16aac56ac?s=96&d=mm&r=g","caption":"Tribunal de Contas da Uni\u00e3o, Brazil"},"url":"https:\/\/intosaijournal.org\/es\/author\/tcu-brazil\/"}]}},"_links":{"self":[{"href":"https:\/\/intosaijournal.org\/es\/wp-json\/wp\/v2\/posts\/20690","targetHints":{"allow":["GET"]}}],"collection":[{"href":"https:\/\/intosaijournal.org\/es\/wp-json\/wp\/v2\/posts"}],"about":[{"href":"https:\/\/intosaijournal.org\/es\/wp-json\/wp\/v2\/types\/post"}],"author":[{"embeddable":true,"href":"https:\/\/intosaijournal.org\/es\/wp-json\/wp\/v2\/users\/104"}],"replies":[{"embeddable":true,"href":"https:\/\/intosaijournal.org\/es\/wp-json\/wp\/v2\/comments?post=20690"}],"version-history":[{"count":1,"href":"https:\/\/intosaijournal.org\/es\/wp-json\/wp\/v2\/posts\/20690\/revisions"}],"predecessor-version":[{"id":20691,"href":"https:\/\/intosaijournal.org\/es\/wp-json\/wp\/v2\/posts\/20690\/revisions\/20691"}],"wp:featuredmedia":[{"embeddable":true,"href":"https:\/\/intosaijournal.org\/es\/wp-json\/wp\/v2\/media\/20673"}],"wp:attachment":[{"href":"https:\/\/intosaijournal.org\/es\/wp-json\/wp\/v2\/media?parent=20690"}],"wp:term":[{"taxonomy":"category","embeddable":true,"href":"https:\/\/intosaijournal.org\/es\/wp-json\/wp\/v2\/categories?post=20690"},{"taxonomy":"country","embeddable":true,"href":"https:\/\/intosaijournal.org\/es\/wp-json\/wp\/v2\/country?post=20690"},{"taxonomy":"region","embeddable":true,"href":"https:\/\/intosaijournal.org\/es\/wp-json\/wp\/v2\/region?post=20690"},{"taxonomy":"news-type","embeddable":true,"href":"https:\/\/intosaijournal.org\/es\/wp-json\/wp\/v2\/news-type?post=20690"},{"taxonomy":"author","embeddable":true,"href":"https:\/\/intosaijournal.org\/es\/wp-json\/wp\/v2\/coauthors?post=20690"}],"curies":[{"name":"wp","href":"https:\/\/api.w.org\/{rel}","templated":true}]}}